{"id":3231,"date":"2026-01-14T19:10:19","date_gmt":"2026-01-14T19:10:19","guid":{"rendered":"https:\/\/ringier.rs\/?p=3231"},"modified":"2026-01-14T19:15:07","modified_gmt":"2026-01-14T19:15:07","slug":"snezana-stojsavljevic-appointed-commercial-director-of-ringier-serbia","status":"publish","type":"post","link":"https:\/\/ringier.rs\/en\/snezana-stojsavljevic-appointed-commercial-director-of-ringier-serbia\/","title":{"rendered":"Sne\u017eana Stojsavljevi\u0107 Appointed Commercial Director of Ringier Serbia"},"content":{"rendered":"\n<p>As of January 1, Sne\u017eana Stojsavljevi\u0107 has assumed the position of Commercial Director at Ringier Serbia. In this role, she is responsible for the development and implementation of the sales strategy, as well as for managing advertising inventory and commercial projects within the Media Impact Serbia portfolio.<br><\/p>\n\n\n\n<p><\/p>\n\n\n\n<figure class=\"wp-block-image size-full\"><img loading=\"lazy\" decoding=\"async\" width=\"1024\" height=\"576\" src=\"https:\/\/ringier.rs\/wp-content\/uploads\/2026\/01\/Snezana-Stojsavljevic-3.jpg\" alt=\"\" class=\"wp-image-3234\" srcset=\"https:\/\/ringier.rs\/wp-content\/uploads\/2026\/01\/Snezana-Stojsavljevic-3.jpg 1024w, https:\/\/ringier.rs\/wp-content\/uploads\/2026\/01\/Snezana-Stojsavljevic-3-300x169.jpg 300w, https:\/\/ringier.rs\/wp-content\/uploads\/2026\/01\/Snezana-Stojsavljevic-3-768x432.jpg 768w, https:\/\/ringier.rs\/wp-content\/uploads\/2026\/01\/Snezana-Stojsavljevic-3-50x28.jpg 50w, https:\/\/ringier.rs\/wp-content\/uploads\/2026\/01\/Snezana-Stojsavljevic-3-324x182.jpg 324w, https:\/\/ringier.rs\/wp-content\/uploads\/2026\/01\/Snezana-Stojsavljevic-3-137x77.jpg 137w\" sizes=\"auto, (max-width: 1024px) 100vw, 1024px\" \/><\/figure>\n\n\n\n<p>With more than <strong>25 years of experience in the media industry<\/strong>, Sne\u017eana Stojsavljevi\u0107 has built her career in senior leadership roles across sales, marketing, publishing, and commercial strategy. For over 18 years, she was part of the management team at <em>Novosti<\/em>, where she contributed significantly to the development of marketing, sales, publishing, and commercial strategies, as well as to the company\u2019s strong market positioning. Since 2014, she has continued her professional career at <strong>Ringier Axel Springer Serbia<\/strong>, where she has held a number of key leadership positions in sales and advertising, including <strong>Advertising Manager<\/strong>, <strong>Head of News Portfolio Sales<\/strong>, <strong>Advertising Executive Director<\/strong>, and <strong>Deputy Chief Revenue Officer<\/strong>, with full responsibility for business performance, development of sales teams, management of key clients, and advancement of commercial models in a digital and multiplatform environment.<\/p>\n\n\n\n<p><strong>Jelena Drakuli\u0107 Petrovi\u0107, CEO of Ringier Serbia:<\/strong> \u201cSne\u017eana is one of the key leaders of our team and someone we rely on when it comes to our most important business goals \u2013 revenue growth and performance delivery. Her deep understanding of the media market and strong commercial focus make her a natural choice for the position of Commercial Director.\u201d<\/p>\n\n\n\n<p><strong>Sne\u017eana Stojsavljevi\u0107, Commercial Director of Ringier Serbia<\/strong>: \u201cI am grateful for the trust and the opportunity to take on this position. I am fully aware of the responsibility this role entails, and my focus in the period ahead will be on further developing our sales organization through innovation, strengthening our digital products, and delivering sustainable business results.\u201d<\/p>\n","protected":false},"excerpt":{"rendered":"<p>As of January 1, Sne\u017eana Stojsavljevi\u0107 has assumed the position of Commercial Director at Ringier Serbia. In this role, she is responsible for the development and implementation of the sales strategy, as well as for managing advertising inventory and commercial projects within the Media Impact Serbia portfolio. With more than 25 years of experience in [&hellip;]<\/p>\n","protected":false},"author":4,"featured_media":3234,"comment_status":"closed","ping_status":"open","sticky":false,"template":"","format":"standard","meta":{"inline_featured_image":false,"footnotes":""},"categories":[23],"tags":[],"class_list":["post-3231","post","type-post","status-publish","format-standard","has-post-thumbnail","hentry","category-uncategorized"],"yoast_head":"<!-- This site is optimized with the Yoast SEO Premium plugin v23.1 (Yoast SEO v23.1) - https:\/\/yoast.com\/wordpress\/plugins\/seo\/ -->\n<title>Sne\u017eana Stojsavljevi\u0107 Appointed Commercial Director of Ringier Serbia - ringier.rs<\/title>\n<meta name=\"robots\" content=\"index, follow, max-snippet:-1, max-image-preview:large, max-video-preview:-1\" \/>\n<link rel=\"canonical\" href=\"https:\/\/ringier.rs\/en\/snezana-stojsavljevic-appointed-commercial-director-of-ringier-serbia\/\" \/>\n<meta property=\"og:locale\" content=\"en_US\" \/>\n<meta property=\"og:type\" content=\"article\" \/>\n<meta property=\"og:title\" content=\"Sne\u017eana Stojsavljevi\u0107 Appointed Commercial Director of Ringier Serbia\" \/>\n<meta property=\"og:description\" content=\"As of January 1, Sne\u017eana Stojsavljevi\u0107 has assumed the position of Commercial Director at Ringier Serbia. In this role, she is responsible for the development and implementation of the sales strategy, as well as for managing advertising inventory and commercial projects within the Media Impact Serbia portfolio. With more than 25 years of experience in [&hellip;]\" \/>\n<meta property=\"og:url\" content=\"https:\/\/ringier.rs\/en\/snezana-stojsavljevic-appointed-commercial-director-of-ringier-serbia\/\" \/>\n<meta property=\"og:site_name\" content=\"ringier.rs\" \/>\n<meta property=\"article:published_time\" content=\"2026-01-14T19:10:19+00:00\" \/>\n<meta property=\"article:modified_time\" content=\"2026-01-14T19:15:07+00:00\" \/>\n<meta property=\"og:image\" content=\"https:\/\/ringier.rs\/wp-content\/uploads\/2026\/01\/Snezana-Stojsavljevic-3.jpg\" \/>\n\t<meta property=\"og:image:width\" content=\"1024\" \/>\n\t<meta property=\"og:image:height\" content=\"576\" \/>\n\t<meta property=\"og:image:type\" content=\"image\/jpeg\" \/>\n<meta name=\"author\" content=\"Beba Dragic\" \/>\n<meta name=\"twitter:card\" content=\"summary_large_image\" \/>\n<meta name=\"twitter:label1\" content=\"Written by\" \/>\n\t<meta name=\"twitter:data1\" content=\"Beba Dragic\" \/>\n\t<meta name=\"twitter:label2\" content=\"Est. reading time\" \/>\n\t<meta name=\"twitter:data2\" content=\"3 minutes\" \/>\n<script type=\"application\/ld+json\" class=\"yoast-schema-graph\">{\"@context\":\"https:\/\/schema.org\",\"@graph\":[{\"@type\":\"Article\",\"@id\":\"https:\/\/ringier.rs\/en\/snezana-stojsavljevic-appointed-commercial-director-of-ringier-serbia\/#article\",\"isPartOf\":{\"@id\":\"https:\/\/ringier.rs\/en\/snezana-stojsavljevic-appointed-commercial-director-of-ringier-serbia\/\"},\"author\":{\"name\":\"Beba Dragic\",\"@id\":\"https:\/\/ringier.rs\/en\/#\/schema\/person\/b5a84d2847ec4774ad002ef0292a7c89\"},\"headline\":\"Sne\u017eana Stojsavljevi\u0107 Appointed Commercial Director of Ringier Serbia\",\"datePublished\":\"2026-01-14T19:10:19+00:00\",\"dateModified\":\"2026-01-14T19:15:07+00:00\",\"mainEntityOfPage\":{\"@id\":\"https:\/\/ringier.rs\/en\/snezana-stojsavljevic-appointed-commercial-director-of-ringier-serbia\/\"},\"wordCount\":304,\"publisher\":{\"@id\":\"https:\/\/ringier.rs\/en\/#organization\"},\"image\":{\"@id\":\"https:\/\/ringier.rs\/en\/snezana-stojsavljevic-appointed-commercial-director-of-ringier-serbia\/#primaryimage\"},\"thumbnailUrl\":\"https:\/\/ringier.rs\/wp-content\/uploads\/2026\/01\/Snezana-Stojsavljevic-3.jpg\",\"inLanguage\":\"en-US\"},{\"@type\":\"WebPage\",\"@id\":\"https:\/\/ringier.rs\/en\/snezana-stojsavljevic-appointed-commercial-director-of-ringier-serbia\/\",\"url\":\"https:\/\/ringier.rs\/en\/snezana-stojsavljevic-appointed-commercial-director-of-ringier-serbia\/\",\"name\":\"Sne\u017eana Stojsavljevi\u0107 Appointed Commercial Director of Ringier Serbia - ringier.rs\",\"isPartOf\":{\"@id\":\"https:\/\/ringier.rs\/en\/#website\"},\"primaryImageOfPage\":{\"@id\":\"https:\/\/ringier.rs\/en\/snezana-stojsavljevic-appointed-commercial-director-of-ringier-serbia\/#primaryimage\"},\"image\":{\"@id\":\"https:\/\/ringier.rs\/en\/snezana-stojsavljevic-appointed-commercial-director-of-ringier-serbia\/#primaryimage\"},\"thumbnailUrl\":\"https:\/\/ringier.rs\/wp-content\/uploads\/2026\/01\/Snezana-Stojsavljevic-3.jpg\",\"datePublished\":\"2026-01-14T19:10:19+00:00\",\"dateModified\":\"2026-01-14T19:15:07+00:00\",\"breadcrumb\":{\"@id\":\"https:\/\/ringier.rs\/en\/snezana-stojsavljevic-appointed-commercial-director-of-ringier-serbia\/#breadcrumb\"},\"inLanguage\":\"en-US\",\"potentialAction\":[{\"@type\":\"ReadAction\",\"target\":[\"https:\/\/ringier.rs\/en\/snezana-stojsavljevic-appointed-commercial-director-of-ringier-serbia\/\"]}]},{\"@type\":\"ImageObject\",\"inLanguage\":\"en-US\",\"@id\":\"https:\/\/ringier.rs\/en\/snezana-stojsavljevic-appointed-commercial-director-of-ringier-serbia\/#primaryimage\",\"url\":\"https:\/\/ringier.rs\/wp-content\/uploads\/2026\/01\/Snezana-Stojsavljevic-3.jpg\",\"contentUrl\":\"https:\/\/ringier.rs\/wp-content\/uploads\/2026\/01\/Snezana-Stojsavljevic-3.jpg\",\"width\":1024,\"height\":576},{\"@type\":\"BreadcrumbList\",\"@id\":\"https:\/\/ringier.rs\/en\/snezana-stojsavljevic-appointed-commercial-director-of-ringier-serbia\/#breadcrumb\",\"itemListElement\":[{\"@type\":\"ListItem\",\"position\":1,\"name\":\"Home\",\"item\":\"https:\/\/ringier.rs\/en\/\"},{\"@type\":\"ListItem\",\"position\":2,\"name\":\"Sne\u017eana Stojsavljevi\u0107 Appointed Commercial Director of Ringier Serbia\"}]},{\"@type\":\"WebSite\",\"@id\":\"https:\/\/ringier.rs\/en\/#website\",\"url\":\"https:\/\/ringier.rs\/en\/\",\"name\":\"ringier.rs\",\"description\":\"\",\"publisher\":{\"@id\":\"https:\/\/ringier.rs\/en\/#organization\"},\"potentialAction\":[{\"@type\":\"SearchAction\",\"target\":{\"@type\":\"EntryPoint\",\"urlTemplate\":\"https:\/\/ringier.rs\/en\/?s={search_term_string}\"},\"query-input\":\"required name=search_term_string\"}],\"inLanguage\":\"en-US\"},{\"@type\":\"Organization\",\"@id\":\"https:\/\/ringier.rs\/en\/#organization\",\"name\":\"Ringier\",\"url\":\"https:\/\/ringier.rs\/en\/\",\"logo\":{\"@type\":\"ImageObject\",\"inLanguage\":\"en-US\",\"@id\":\"https:\/\/ringier.rs\/en\/#\/schema\/logo\/image\/\",\"url\":\"https:\/\/ringier.rs\/wp-content\/uploads\/2024\/07\/ringier-logo.svg\",\"contentUrl\":\"https:\/\/ringier.rs\/wp-content\/uploads\/2024\/07\/ringier-logo.svg\",\"width\":637,\"height\":130,\"caption\":\"Ringier\"},\"image\":{\"@id\":\"https:\/\/ringier.rs\/en\/#\/schema\/logo\/image\/\"}},{\"@type\":\"Person\",\"@id\":\"https:\/\/ringier.rs\/en\/#\/schema\/person\/b5a84d2847ec4774ad002ef0292a7c89\",\"name\":\"Beba Dragic\",\"image\":{\"@type\":\"ImageObject\",\"inLanguage\":\"en-US\",\"@id\":\"https:\/\/ringier.rs\/en\/#\/schema\/person\/image\/\",\"url\":\"https:\/\/secure.gravatar.com\/avatar\/afb930944a97fac5477d6750f155cae2e1530d8179c52ff5e40e48ae86d2c6f6?s=96&d=mm&r=g\",\"contentUrl\":\"https:\/\/secure.gravatar.com\/avatar\/afb930944a97fac5477d6750f155cae2e1530d8179c52ff5e40e48ae86d2c6f6?s=96&d=mm&r=g\",\"caption\":\"Beba Dragic\"},\"url\":\"https:\/\/ringier.rs\/en\/author\/beba-dragic\/\"}]}<\/script>\n<!-- \/ Yoast SEO Premium plugin. -->","yoast_head_json":{"title":"Sne\u017eana Stojsavljevi\u0107 Appointed Commercial Director of Ringier Serbia - ringier.rs","robots":{"index":"index","follow":"follow","max-snippet":"max-snippet:-1","max-image-preview":"max-image-preview:large","max-video-preview":"max-video-preview:-1"},"canonical":"https:\/\/ringier.rs\/en\/snezana-stojsavljevic-appointed-commercial-director-of-ringier-serbia\/","og_locale":"en_US","og_type":"article","og_title":"Sne\u017eana Stojsavljevi\u0107 Appointed Commercial Director of Ringier Serbia","og_description":"As of January 1, Sne\u017eana Stojsavljevi\u0107 has assumed the position of Commercial Director at Ringier Serbia. In this role, she is responsible for the development and implementation of the sales strategy, as well as for managing advertising inventory and commercial projects within the Media Impact Serbia portfolio. With more than 25 years of experience in [&hellip;]","og_url":"https:\/\/ringier.rs\/en\/snezana-stojsavljevic-appointed-commercial-director-of-ringier-serbia\/","og_site_name":"ringier.rs","article_published_time":"2026-01-14T19:10:19+00:00","article_modified_time":"2026-01-14T19:15:07+00:00","og_image":[{"width":1024,"height":576,"url":"https:\/\/ringier.rs\/wp-content\/uploads\/2026\/01\/Snezana-Stojsavljevic-3.jpg","type":"image\/jpeg"}],"author":"Beba Dragic","twitter_card":"summary_large_image","twitter_misc":{"Written by":"Beba Dragic","Est. reading time":"3 minutes"},"schema":{"@context":"https:\/\/schema.org","@graph":[{"@type":"Article","@id":"https:\/\/ringier.rs\/en\/snezana-stojsavljevic-appointed-commercial-director-of-ringier-serbia\/#article","isPartOf":{"@id":"https:\/\/ringier.rs\/en\/snezana-stojsavljevic-appointed-commercial-director-of-ringier-serbia\/"},"author":{"name":"Beba Dragic","@id":"https:\/\/ringier.rs\/en\/#\/schema\/person\/b5a84d2847ec4774ad002ef0292a7c89"},"headline":"Sne\u017eana Stojsavljevi\u0107 Appointed Commercial Director of Ringier Serbia","datePublished":"2026-01-14T19:10:19+00:00","dateModified":"2026-01-14T19:15:07+00:00","mainEntityOfPage":{"@id":"https:\/\/ringier.rs\/en\/snezana-stojsavljevic-appointed-commercial-director-of-ringier-serbia\/"},"wordCount":304,"publisher":{"@id":"https:\/\/ringier.rs\/en\/#organization"},"image":{"@id":"https:\/\/ringier.rs\/en\/snezana-stojsavljevic-appointed-commercial-director-of-ringier-serbia\/#primaryimage"},"thumbnailUrl":"https:\/\/ringier.rs\/wp-content\/uploads\/2026\/01\/Snezana-Stojsavljevic-3.jpg","inLanguage":"en-US"},{"@type":"WebPage","@id":"https:\/\/ringier.rs\/en\/snezana-stojsavljevic-appointed-commercial-director-of-ringier-serbia\/","url":"https:\/\/ringier.rs\/en\/snezana-stojsavljevic-appointed-commercial-director-of-ringier-serbia\/","name":"Sne\u017eana Stojsavljevi\u0107 Appointed Commercial Director of Ringier Serbia - ringier.rs","isPartOf":{"@id":"https:\/\/ringier.rs\/en\/#website"},"primaryImageOfPage":{"@id":"https:\/\/ringier.rs\/en\/snezana-stojsavljevic-appointed-commercial-director-of-ringier-serbia\/#primaryimage"},"image":{"@id":"https:\/\/ringier.rs\/en\/snezana-stojsavljevic-appointed-commercial-director-of-ringier-serbia\/#primaryimage"},"thumbnailUrl":"https:\/\/ringier.rs\/wp-content\/uploads\/2026\/01\/Snezana-Stojsavljevic-3.jpg","datePublished":"2026-01-14T19:10:19+00:00","dateModified":"2026-01-14T19:15:07+00:00","breadcrumb":{"@id":"https:\/\/ringier.rs\/en\/snezana-stojsavljevic-appointed-commercial-director-of-ringier-serbia\/#breadcrumb"},"inLanguage":"en-US","potentialAction":[{"@type":"ReadAction","target":["https:\/\/ringier.rs\/en\/snezana-stojsavljevic-appointed-commercial-director-of-ringier-serbia\/"]}]},{"@type":"ImageObject","inLanguage":"en-US","@id":"https:\/\/ringier.rs\/en\/snezana-stojsavljevic-appointed-commercial-director-of-ringier-serbia\/#primaryimage","url":"https:\/\/ringier.rs\/wp-content\/uploads\/2026\/01\/Snezana-Stojsavljevic-3.jpg","contentUrl":"https:\/\/ringier.rs\/wp-content\/uploads\/2026\/01\/Snezana-Stojsavljevic-3.jpg","width":1024,"height":576},{"@type":"BreadcrumbList","@id":"https:\/\/ringier.rs\/en\/snezana-stojsavljevic-appointed-commercial-director-of-ringier-serbia\/#breadcrumb","itemListElement":[{"@type":"ListItem","position":1,"name":"Home","item":"https:\/\/ringier.rs\/en\/"},{"@type":"ListItem","position":2,"name":"Sne\u017eana Stojsavljevi\u0107 Appointed Commercial Director of Ringier Serbia"}]},{"@type":"WebSite","@id":"https:\/\/ringier.rs\/en\/#website","url":"https:\/\/ringier.rs\/en\/","name":"ringier.rs","description":"","publisher":{"@id":"https:\/\/ringier.rs\/en\/#organization"},"potentialAction":[{"@type":"SearchAction","target":{"@type":"EntryPoint","urlTemplate":"https:\/\/ringier.rs\/en\/?s={search_term_string}"},"query-input":"required name=search_term_string"}],"inLanguage":"en-US"},{"@type":"Organization","@id":"https:\/\/ringier.rs\/en\/#organization","name":"Ringier","url":"https:\/\/ringier.rs\/en\/","logo":{"@type":"ImageObject","inLanguage":"en-US","@id":"https:\/\/ringier.rs\/en\/#\/schema\/logo\/image\/","url":"https:\/\/ringier.rs\/wp-content\/uploads\/2024\/07\/ringier-logo.svg","contentUrl":"https:\/\/ringier.rs\/wp-content\/uploads\/2024\/07\/ringier-logo.svg","width":637,"height":130,"caption":"Ringier"},"image":{"@id":"https:\/\/ringier.rs\/en\/#\/schema\/logo\/image\/"}},{"@type":"Person","@id":"https:\/\/ringier.rs\/en\/#\/schema\/person\/b5a84d2847ec4774ad002ef0292a7c89","name":"Beba Dragic","image":{"@type":"ImageObject","inLanguage":"en-US","@id":"https:\/\/ringier.rs\/en\/#\/schema\/person\/image\/","url":"https:\/\/secure.gravatar.com\/avatar\/afb930944a97fac5477d6750f155cae2e1530d8179c52ff5e40e48ae86d2c6f6?s=96&d=mm&r=g","contentUrl":"https:\/\/secure.gravatar.com\/avatar\/afb930944a97fac5477d6750f155cae2e1530d8179c52ff5e40e48ae86d2c6f6?s=96&d=mm&r=g","caption":"Beba Dragic"},"url":"https:\/\/ringier.rs\/en\/author\/beba-dragic\/"}]}},"_links":{"self":[{"href":"https:\/\/ringier.rs\/en\/wp-json\/wp\/v2\/posts\/3231","targetHints":{"allow":["GET"]}}],"collection":[{"href":"https:\/\/ringier.rs\/en\/wp-json\/wp\/v2\/posts"}],"about":[{"href":"https:\/\/ringier.rs\/en\/wp-json\/wp\/v2\/types\/post"}],"author":[{"embeddable":true,"href":"https:\/\/ringier.rs\/en\/wp-json\/wp\/v2\/users\/4"}],"replies":[{"embeddable":true,"href":"https:\/\/ringier.rs\/en\/wp-json\/wp\/v2\/comments?post=3231"}],"version-history":[{"count":1,"href":"https:\/\/ringier.rs\/en\/wp-json\/wp\/v2\/posts\/3231\/revisions"}],"predecessor-version":[{"id":3236,"href":"https:\/\/ringier.rs\/en\/wp-json\/wp\/v2\/posts\/3231\/revisions\/3236"}],"wp:featuredmedia":[{"embeddable":true,"href":"https:\/\/ringier.rs\/en\/wp-json\/wp\/v2\/media\/3234"}],"wp:attachment":[{"href":"https:\/\/ringier.rs\/en\/wp-json\/wp\/v2\/media?parent=3231"}],"wp:term":[{"taxonomy":"category","embeddable":true,"href":"https:\/\/ringier.rs\/en\/wp-json\/wp\/v2\/categories?post=3231"},{"taxonomy":"post_tag","embeddable":true,"href":"https:\/\/ringier.rs\/en\/wp-json\/wp\/v2\/tags?post=3231"}],"curies":[{"name":"wp","href":"https:\/\/api.w.org\/{rel}","templated":true}]}}