{"id":3194,"date":"2025-12-15T10:00:00","date_gmt":"2025-12-15T10:00:00","guid":{"rendered":"https:\/\/ringier.rs\/?p=3194"},"modified":"2025-12-15T18:08:14","modified_gmt":"2025-12-15T18:08:14","slug":"jelena-drakulic-petrovic-appointed-vice-president-of-the-new-board-of-directors-of-the-digital-serbia-initiative","status":"publish","type":"post","link":"https:\/\/ringier.rs\/en\/jelena-drakulic-petrovic-appointed-vice-president-of-the-new-board-of-directors-of-the-digital-serbia-initiative\/","title":{"rendered":"Jelena Drakuli\u0107 Petrovi\u0107 Appointed Vice President of the New Board of Directors of the \u201cDigital Serbia\u201d Initiative"},"content":{"rendered":"\n<p>The \u201cDigital Serbia\u201d Initiative has elected a new Board of Directors bringing together leaders from key sectors \u2014 IT, finance, technology, law, media, and consulting \u2014 united by the shared belief that knowledge, innovation, and collaboration are the foundations of a new economy and the continued development of Serbia\u2019s digital ecosystem.<\/p>\n\n\n\n<figure class=\"wp-block-image size-full\"><img loading=\"lazy\" decoding=\"async\" width=\"800\" height=\"533\" src=\"https:\/\/ringier.rs\/wp-content\/uploads\/2025\/12\/1765796850695-2.jpeg\" alt=\"\" class=\"wp-image-3195\" srcset=\"https:\/\/ringier.rs\/wp-content\/uploads\/2025\/12\/1765796850695-2.jpeg 800w, https:\/\/ringier.rs\/wp-content\/uploads\/2025\/12\/1765796850695-2-300x200.jpeg 300w, https:\/\/ringier.rs\/wp-content\/uploads\/2025\/12\/1765796850695-2-768x512.jpeg 768w, https:\/\/ringier.rs\/wp-content\/uploads\/2025\/12\/1765796850695-2-50x33.jpeg 50w, https:\/\/ringier.rs\/wp-content\/uploads\/2025\/12\/1765796850695-2-273x182.jpeg 273w, https:\/\/ringier.rs\/wp-content\/uploads\/2025\/12\/1765796850695-2-137x91.jpeg 137w\" sizes=\"auto, (max-width: 800px) 100vw, 800px\" \/><\/figure>\n\n\n\n<p><br>The new composition of the Board of Directors aims to strengthen Serbia\u2019s position as a competitive and sustainable digital ecosystem by connecting different industries and perspectives. The other seven members of the Board are Petar Jovanovi\u0107 from AIK Bank, Ivan Raki\u0107 from EY, Branimir Gaji\u0107 from Inspira Group, Rastko Petakovi\u0107 from Karanovi\u0107 &amp; Partners, Jan Dolinaj from Levi9 Technology Services, Branko Milutinovi\u0107 from Nordeus, and Zoran Petrovi\u0107 from Raiffeisen Bank a.d. Belgrade.<\/p>\n\n\n\n<p>Over the next two years, the President of the Initiative\u2019s Assembly will be Dra\u017een \u0160umi\u0107, Director of the Microsoft Development Center in Serbia, while the role of Deputy President will be held by Dragoljub Damljanovi\u0107, Director of the Development Center in Novi Sad and Global Sales Director for Digital Networks at Schneider Electric.<\/p>\n\n\n\n<p>Together with the Assembly, the Director of the Digital Serbia Initiative, Tanja Kuzman, and the executive office, the Board of Directors continues to work on implementing a strategy aimed at accelerating the development of the domestic digital economy tenfold, increasing the level of innovation, and enabling companies and talent from Serbia to achieve a stronger global presence.<\/p>\n\n\n\n<p>More information available on<a href=\"https:\/\/www.blic.rs\/biznis\/tech\/izabran-novi-upravni-odbor-digitalne-srbije\/cg9mxy0\"> Blic Biznis<\/a>.<br><\/p>\n\n\n\n<p><\/p>\n","protected":false},"excerpt":{"rendered":"<p>The \u201cDigital Serbia\u201d Initiative has elected a new Board of Directors bringing together leaders from key sectors \u2014 IT, finance, technology, law, media, and consulting \u2014 united by the shared belief that knowledge, innovation, and collaboration are the foundations of a new economy and the continued development of Serbia\u2019s digital ecosystem. The new composition of [&hellip;]<\/p>\n","protected":false},"author":4,"featured_media":3188,"comment_status":"closed","ping_status":"open","sticky":false,"template":"","format":"standard","meta":{"inline_featured_image":false,"footnotes":""},"categories":[23],"tags":[],"class_list":["post-3194","post","type-post","status-publish","format-standard","has-post-thumbnail","hentry","category-uncategorized"],"yoast_head":"<!-- This site is optimized with the Yoast SEO Premium plugin v23.1 (Yoast SEO v23.1) - https:\/\/yoast.com\/wordpress\/plugins\/seo\/ -->\n<title>Jelena Drakuli\u0107 Petrovi\u0107 Appointed Vice President of the New Board of Directors of the \u201cDigital Serbia\u201d Initiative - ringier.rs<\/title>\n<meta name=\"robots\" content=\"index, follow, max-snippet:-1, max-image-preview:large, max-video-preview:-1\" \/>\n<link rel=\"canonical\" href=\"https:\/\/ringier.rs\/en\/jelena-drakulic-petrovic-appointed-vice-president-of-the-new-board-of-directors-of-the-digital-serbia-initiative\/\" \/>\n<meta property=\"og:locale\" content=\"en_US\" \/>\n<meta property=\"og:type\" content=\"article\" \/>\n<meta property=\"og:title\" content=\"Jelena Drakuli\u0107 Petrovi\u0107 Appointed Vice President of the New Board of Directors of the \u201cDigital Serbia\u201d Initiative\" \/>\n<meta property=\"og:description\" content=\"The \u201cDigital Serbia\u201d Initiative has elected a new Board of Directors bringing together leaders from key sectors \u2014 IT, finance, technology, law, media, and consulting \u2014 united by the shared belief that knowledge, innovation, and collaboration are the foundations of a new economy and the continued development of Serbia\u2019s digital ecosystem. The new composition of [&hellip;]\" \/>\n<meta property=\"og:url\" content=\"https:\/\/ringier.rs\/en\/jelena-drakulic-petrovic-appointed-vice-president-of-the-new-board-of-directors-of-the-digital-serbia-initiative\/\" \/>\n<meta property=\"og:site_name\" content=\"ringier.rs\" \/>\n<meta property=\"article:published_time\" content=\"2025-12-15T10:00:00+00:00\" \/>\n<meta property=\"article:modified_time\" content=\"2025-12-15T18:08:14+00:00\" \/>\n<meta property=\"og:image\" content=\"https:\/\/ringier.rs\/wp-content\/uploads\/2025\/12\/1765796850695.jpeg\" \/>\n\t<meta property=\"og:image:width\" content=\"800\" \/>\n\t<meta property=\"og:image:height\" content=\"533\" \/>\n\t<meta property=\"og:image:type\" content=\"image\/jpeg\" \/>\n<meta name=\"author\" content=\"Beba Dragic\" \/>\n<meta name=\"twitter:card\" content=\"summary_large_image\" \/>\n<meta name=\"twitter:label1\" content=\"Written by\" \/>\n\t<meta name=\"twitter:data1\" content=\"Beba Dragic\" \/>\n\t<meta name=\"twitter:label2\" content=\"Est. reading time\" \/>\n\t<meta name=\"twitter:data2\" content=\"2 minutes\" \/>\n<script type=\"application\/ld+json\" class=\"yoast-schema-graph\">{\"@context\":\"https:\/\/schema.org\",\"@graph\":[{\"@type\":\"Article\",\"@id\":\"https:\/\/ringier.rs\/en\/jelena-drakulic-petrovic-appointed-vice-president-of-the-new-board-of-directors-of-the-digital-serbia-initiative\/#article\",\"isPartOf\":{\"@id\":\"https:\/\/ringier.rs\/en\/jelena-drakulic-petrovic-appointed-vice-president-of-the-new-board-of-directors-of-the-digital-serbia-initiative\/\"},\"author\":{\"name\":\"Beba Dragic\",\"@id\":\"https:\/\/ringier.rs\/en\/#\/schema\/person\/b5a84d2847ec4774ad002ef0292a7c89\"},\"headline\":\"Jelena Drakuli\u0107 Petrovi\u0107 Appointed Vice President of the New Board of Directors of the \u201cDigital Serbia\u201d Initiative\",\"datePublished\":\"2025-12-15T10:00:00+00:00\",\"dateModified\":\"2025-12-15T18:08:14+00:00\",\"mainEntityOfPage\":{\"@id\":\"https:\/\/ringier.rs\/en\/jelena-drakulic-petrovic-appointed-vice-president-of-the-new-board-of-directors-of-the-digital-serbia-initiative\/\"},\"wordCount\":259,\"publisher\":{\"@id\":\"https:\/\/ringier.rs\/en\/#organization\"},\"image\":{\"@id\":\"https:\/\/ringier.rs\/en\/jelena-drakulic-petrovic-appointed-vice-president-of-the-new-board-of-directors-of-the-digital-serbia-initiative\/#primaryimage\"},\"thumbnailUrl\":\"https:\/\/ringier.rs\/wp-content\/uploads\/2025\/12\/1765796850695.jpeg\",\"inLanguage\":\"en-US\"},{\"@type\":\"WebPage\",\"@id\":\"https:\/\/ringier.rs\/en\/jelena-drakulic-petrovic-appointed-vice-president-of-the-new-board-of-directors-of-the-digital-serbia-initiative\/\",\"url\":\"https:\/\/ringier.rs\/en\/jelena-drakulic-petrovic-appointed-vice-president-of-the-new-board-of-directors-of-the-digital-serbia-initiative\/\",\"name\":\"Jelena Drakuli\u0107 Petrovi\u0107 Appointed Vice President of the New Board of Directors of the \u201cDigital Serbia\u201d Initiative - ringier.rs\",\"isPartOf\":{\"@id\":\"https:\/\/ringier.rs\/en\/#website\"},\"primaryImageOfPage\":{\"@id\":\"https:\/\/ringier.rs\/en\/jelena-drakulic-petrovic-appointed-vice-president-of-the-new-board-of-directors-of-the-digital-serbia-initiative\/#primaryimage\"},\"image\":{\"@id\":\"https:\/\/ringier.rs\/en\/jelena-drakulic-petrovic-appointed-vice-president-of-the-new-board-of-directors-of-the-digital-serbia-initiative\/#primaryimage\"},\"thumbnailUrl\":\"https:\/\/ringier.rs\/wp-content\/uploads\/2025\/12\/1765796850695.jpeg\",\"datePublished\":\"2025-12-15T10:00:00+00:00\",\"dateModified\":\"2025-12-15T18:08:14+00:00\",\"breadcrumb\":{\"@id\":\"https:\/\/ringier.rs\/en\/jelena-drakulic-petrovic-appointed-vice-president-of-the-new-board-of-directors-of-the-digital-serbia-initiative\/#breadcrumb\"},\"inLanguage\":\"en-US\",\"potentialAction\":[{\"@type\":\"ReadAction\",\"target\":[\"https:\/\/ringier.rs\/en\/jelena-drakulic-petrovic-appointed-vice-president-of-the-new-board-of-directors-of-the-digital-serbia-initiative\/\"]}]},{\"@type\":\"ImageObject\",\"inLanguage\":\"en-US\",\"@id\":\"https:\/\/ringier.rs\/en\/jelena-drakulic-petrovic-appointed-vice-president-of-the-new-board-of-directors-of-the-digital-serbia-initiative\/#primaryimage\",\"url\":\"https:\/\/ringier.rs\/wp-content\/uploads\/2025\/12\/1765796850695.jpeg\",\"contentUrl\":\"https:\/\/ringier.rs\/wp-content\/uploads\/2025\/12\/1765796850695.jpeg\",\"width\":800,\"height\":533},{\"@type\":\"BreadcrumbList\",\"@id\":\"https:\/\/ringier.rs\/en\/jelena-drakulic-petrovic-appointed-vice-president-of-the-new-board-of-directors-of-the-digital-serbia-initiative\/#breadcrumb\",\"itemListElement\":[{\"@type\":\"ListItem\",\"position\":1,\"name\":\"Home\",\"item\":\"https:\/\/ringier.rs\/en\/\"},{\"@type\":\"ListItem\",\"position\":2,\"name\":\"Jelena Drakuli\u0107 Petrovi\u0107 Appointed Vice President of the New Board of Directors of the \u201cDigital Serbia\u201d Initiative\"}]},{\"@type\":\"WebSite\",\"@id\":\"https:\/\/ringier.rs\/en\/#website\",\"url\":\"https:\/\/ringier.rs\/en\/\",\"name\":\"ringier.rs\",\"description\":\"\",\"publisher\":{\"@id\":\"https:\/\/ringier.rs\/en\/#organization\"},\"potentialAction\":[{\"@type\":\"SearchAction\",\"target\":{\"@type\":\"EntryPoint\",\"urlTemplate\":\"https:\/\/ringier.rs\/en\/?s={search_term_string}\"},\"query-input\":\"required name=search_term_string\"}],\"inLanguage\":\"en-US\"},{\"@type\":\"Organization\",\"@id\":\"https:\/\/ringier.rs\/en\/#organization\",\"name\":\"Ringier\",\"url\":\"https:\/\/ringier.rs\/en\/\",\"logo\":{\"@type\":\"ImageObject\",\"inLanguage\":\"en-US\",\"@id\":\"https:\/\/ringier.rs\/en\/#\/schema\/logo\/image\/\",\"url\":\"https:\/\/ringier.rs\/wp-content\/uploads\/2024\/07\/ringier-logo.svg\",\"contentUrl\":\"https:\/\/ringier.rs\/wp-content\/uploads\/2024\/07\/ringier-logo.svg\",\"width\":637,\"height\":130,\"caption\":\"Ringier\"},\"image\":{\"@id\":\"https:\/\/ringier.rs\/en\/#\/schema\/logo\/image\/\"}},{\"@type\":\"Person\",\"@id\":\"https:\/\/ringier.rs\/en\/#\/schema\/person\/b5a84d2847ec4774ad002ef0292a7c89\",\"name\":\"Beba Dragic\",\"image\":{\"@type\":\"ImageObject\",\"inLanguage\":\"en-US\",\"@id\":\"https:\/\/ringier.rs\/en\/#\/schema\/person\/image\/\",\"url\":\"https:\/\/secure.gravatar.com\/avatar\/afb930944a97fac5477d6750f155cae2e1530d8179c52ff5e40e48ae86d2c6f6?s=96&d=mm&r=g\",\"contentUrl\":\"https:\/\/secure.gravatar.com\/avatar\/afb930944a97fac5477d6750f155cae2e1530d8179c52ff5e40e48ae86d2c6f6?s=96&d=mm&r=g\",\"caption\":\"Beba Dragic\"},\"url\":\"https:\/\/ringier.rs\/en\/author\/beba-dragic\/\"}]}<\/script>\n<!-- \/ Yoast SEO Premium plugin. -->","yoast_head_json":{"title":"Jelena Drakuli\u0107 Petrovi\u0107 Appointed Vice President of the New Board of Directors of the \u201cDigital Serbia\u201d Initiative - ringier.rs","robots":{"index":"index","follow":"follow","max-snippet":"max-snippet:-1","max-image-preview":"max-image-preview:large","max-video-preview":"max-video-preview:-1"},"canonical":"https:\/\/ringier.rs\/en\/jelena-drakulic-petrovic-appointed-vice-president-of-the-new-board-of-directors-of-the-digital-serbia-initiative\/","og_locale":"en_US","og_type":"article","og_title":"Jelena Drakuli\u0107 Petrovi\u0107 Appointed Vice President of the New Board of Directors of the \u201cDigital Serbia\u201d Initiative","og_description":"The \u201cDigital Serbia\u201d Initiative has elected a new Board of Directors bringing together leaders from key sectors \u2014 IT, finance, technology, law, media, and consulting \u2014 united by the shared belief that knowledge, innovation, and collaboration are the foundations of a new economy and the continued development of Serbia\u2019s digital ecosystem. The new composition of [&hellip;]","og_url":"https:\/\/ringier.rs\/en\/jelena-drakulic-petrovic-appointed-vice-president-of-the-new-board-of-directors-of-the-digital-serbia-initiative\/","og_site_name":"ringier.rs","article_published_time":"2025-12-15T10:00:00+00:00","article_modified_time":"2025-12-15T18:08:14+00:00","og_image":[{"width":800,"height":533,"url":"https:\/\/ringier.rs\/wp-content\/uploads\/2025\/12\/1765796850695.jpeg","type":"image\/jpeg"}],"author":"Beba Dragic","twitter_card":"summary_large_image","twitter_misc":{"Written by":"Beba Dragic","Est. reading time":"2 minutes"},"schema":{"@context":"https:\/\/schema.org","@graph":[{"@type":"Article","@id":"https:\/\/ringier.rs\/en\/jelena-drakulic-petrovic-appointed-vice-president-of-the-new-board-of-directors-of-the-digital-serbia-initiative\/#article","isPartOf":{"@id":"https:\/\/ringier.rs\/en\/jelena-drakulic-petrovic-appointed-vice-president-of-the-new-board-of-directors-of-the-digital-serbia-initiative\/"},"author":{"name":"Beba Dragic","@id":"https:\/\/ringier.rs\/en\/#\/schema\/person\/b5a84d2847ec4774ad002ef0292a7c89"},"headline":"Jelena Drakuli\u0107 Petrovi\u0107 Appointed Vice President of the New Board of Directors of the \u201cDigital Serbia\u201d Initiative","datePublished":"2025-12-15T10:00:00+00:00","dateModified":"2025-12-15T18:08:14+00:00","mainEntityOfPage":{"@id":"https:\/\/ringier.rs\/en\/jelena-drakulic-petrovic-appointed-vice-president-of-the-new-board-of-directors-of-the-digital-serbia-initiative\/"},"wordCount":259,"publisher":{"@id":"https:\/\/ringier.rs\/en\/#organization"},"image":{"@id":"https:\/\/ringier.rs\/en\/jelena-drakulic-petrovic-appointed-vice-president-of-the-new-board-of-directors-of-the-digital-serbia-initiative\/#primaryimage"},"thumbnailUrl":"https:\/\/ringier.rs\/wp-content\/uploads\/2025\/12\/1765796850695.jpeg","inLanguage":"en-US"},{"@type":"WebPage","@id":"https:\/\/ringier.rs\/en\/jelena-drakulic-petrovic-appointed-vice-president-of-the-new-board-of-directors-of-the-digital-serbia-initiative\/","url":"https:\/\/ringier.rs\/en\/jelena-drakulic-petrovic-appointed-vice-president-of-the-new-board-of-directors-of-the-digital-serbia-initiative\/","name":"Jelena Drakuli\u0107 Petrovi\u0107 Appointed Vice President of the New Board of Directors of the \u201cDigital Serbia\u201d Initiative - ringier.rs","isPartOf":{"@id":"https:\/\/ringier.rs\/en\/#website"},"primaryImageOfPage":{"@id":"https:\/\/ringier.rs\/en\/jelena-drakulic-petrovic-appointed-vice-president-of-the-new-board-of-directors-of-the-digital-serbia-initiative\/#primaryimage"},"image":{"@id":"https:\/\/ringier.rs\/en\/jelena-drakulic-petrovic-appointed-vice-president-of-the-new-board-of-directors-of-the-digital-serbia-initiative\/#primaryimage"},"thumbnailUrl":"https:\/\/ringier.rs\/wp-content\/uploads\/2025\/12\/1765796850695.jpeg","datePublished":"2025-12-15T10:00:00+00:00","dateModified":"2025-12-15T18:08:14+00:00","breadcrumb":{"@id":"https:\/\/ringier.rs\/en\/jelena-drakulic-petrovic-appointed-vice-president-of-the-new-board-of-directors-of-the-digital-serbia-initiative\/#breadcrumb"},"inLanguage":"en-US","potentialAction":[{"@type":"ReadAction","target":["https:\/\/ringier.rs\/en\/jelena-drakulic-petrovic-appointed-vice-president-of-the-new-board-of-directors-of-the-digital-serbia-initiative\/"]}]},{"@type":"ImageObject","inLanguage":"en-US","@id":"https:\/\/ringier.rs\/en\/jelena-drakulic-petrovic-appointed-vice-president-of-the-new-board-of-directors-of-the-digital-serbia-initiative\/#primaryimage","url":"https:\/\/ringier.rs\/wp-content\/uploads\/2025\/12\/1765796850695.jpeg","contentUrl":"https:\/\/ringier.rs\/wp-content\/uploads\/2025\/12\/1765796850695.jpeg","width":800,"height":533},{"@type":"BreadcrumbList","@id":"https:\/\/ringier.rs\/en\/jelena-drakulic-petrovic-appointed-vice-president-of-the-new-board-of-directors-of-the-digital-serbia-initiative\/#breadcrumb","itemListElement":[{"@type":"ListItem","position":1,"name":"Home","item":"https:\/\/ringier.rs\/en\/"},{"@type":"ListItem","position":2,"name":"Jelena Drakuli\u0107 Petrovi\u0107 Appointed Vice President of the New Board of Directors of the \u201cDigital Serbia\u201d Initiative"}]},{"@type":"WebSite","@id":"https:\/\/ringier.rs\/en\/#website","url":"https:\/\/ringier.rs\/en\/","name":"ringier.rs","description":"","publisher":{"@id":"https:\/\/ringier.rs\/en\/#organization"},"potentialAction":[{"@type":"SearchAction","target":{"@type":"EntryPoint","urlTemplate":"https:\/\/ringier.rs\/en\/?s={search_term_string}"},"query-input":"required name=search_term_string"}],"inLanguage":"en-US"},{"@type":"Organization","@id":"https:\/\/ringier.rs\/en\/#organization","name":"Ringier","url":"https:\/\/ringier.rs\/en\/","logo":{"@type":"ImageObject","inLanguage":"en-US","@id":"https:\/\/ringier.rs\/en\/#\/schema\/logo\/image\/","url":"https:\/\/ringier.rs\/wp-content\/uploads\/2024\/07\/ringier-logo.svg","contentUrl":"https:\/\/ringier.rs\/wp-content\/uploads\/2024\/07\/ringier-logo.svg","width":637,"height":130,"caption":"Ringier"},"image":{"@id":"https:\/\/ringier.rs\/en\/#\/schema\/logo\/image\/"}},{"@type":"Person","@id":"https:\/\/ringier.rs\/en\/#\/schema\/person\/b5a84d2847ec4774ad002ef0292a7c89","name":"Beba Dragic","image":{"@type":"ImageObject","inLanguage":"en-US","@id":"https:\/\/ringier.rs\/en\/#\/schema\/person\/image\/","url":"https:\/\/secure.gravatar.com\/avatar\/afb930944a97fac5477d6750f155cae2e1530d8179c52ff5e40e48ae86d2c6f6?s=96&d=mm&r=g","contentUrl":"https:\/\/secure.gravatar.com\/avatar\/afb930944a97fac5477d6750f155cae2e1530d8179c52ff5e40e48ae86d2c6f6?s=96&d=mm&r=g","caption":"Beba Dragic"},"url":"https:\/\/ringier.rs\/en\/author\/beba-dragic\/"}]}},"_links":{"self":[{"href":"https:\/\/ringier.rs\/en\/wp-json\/wp\/v2\/posts\/3194","targetHints":{"allow":["GET"]}}],"collection":[{"href":"https:\/\/ringier.rs\/en\/wp-json\/wp\/v2\/posts"}],"about":[{"href":"https:\/\/ringier.rs\/en\/wp-json\/wp\/v2\/types\/post"}],"author":[{"embeddable":true,"href":"https:\/\/ringier.rs\/en\/wp-json\/wp\/v2\/users\/4"}],"replies":[{"embeddable":true,"href":"https:\/\/ringier.rs\/en\/wp-json\/wp\/v2\/comments?post=3194"}],"version-history":[{"count":1,"href":"https:\/\/ringier.rs\/en\/wp-json\/wp\/v2\/posts\/3194\/revisions"}],"predecessor-version":[{"id":3198,"href":"https:\/\/ringier.rs\/en\/wp-json\/wp\/v2\/posts\/3194\/revisions\/3198"}],"wp:featuredmedia":[{"embeddable":true,"href":"https:\/\/ringier.rs\/en\/wp-json\/wp\/v2\/media\/3188"}],"wp:attachment":[{"href":"https:\/\/ringier.rs\/en\/wp-json\/wp\/v2\/media?parent=3194"}],"wp:term":[{"taxonomy":"category","embeddable":true,"href":"https:\/\/ringier.rs\/en\/wp-json\/wp\/v2\/categories?post=3194"},{"taxonomy":"post_tag","embeddable":true,"href":"https:\/\/ringier.rs\/en\/wp-json\/wp\/v2\/tags?post=3194"}],"curies":[{"name":"wp","href":"https:\/\/api.w.org\/{rel}","templated":true}]}}