{"id":2283,"date":"2024-09-18T14:19:13","date_gmt":"2024-09-18T14:19:13","guid":{"rendered":"https:\/\/ringier.rs\/?p=2283"},"modified":"2024-09-23T14:34:28","modified_gmt":"2024-09-23T14:34:28","slug":"blic-tv-debate-green-transition-in-serbia","status":"publish","type":"post","link":"https:\/\/ringier.rs\/en\/blic-tv-debate-green-transition-in-serbia\/","title":{"rendered":"BLIC TV DEBATE: Green Transition in Serbia"},"content":{"rendered":"\n<p>The Blic TV debate titled &#8220;Green Transition&#8221; aired on Blic Television on September 18.<\/p>\n\n\n\n<p>During two one-and-a-half-hour discussions on the topics &#8220;Mining in Serbia: A Curse or a Blessing?&#8221; and &#8220;Is Sustainable and Responsible Mining Possible?&#8221;, representatives of the Serbian Government, along with foreign and domestic experts in the fields of mining, ecology, and geology, exchanged opinions.<\/p>\n\n\n\n<p>The debate was opened by Serbia\u2019s Prime Minister, Milo\u0161 Vu\u010devi\u0107.<\/p>\n\n\n\n<figure class=\"wp-block-image\"><img loading=\"lazy\" decoding=\"async\" width=\"1024\" height=\"683\" src=\"https:\/\/ringier.rs\/wp-content\/uploads\/2024\/09\/obracanje-premijera-foto-Mitar-Mitrovic-11-1024x683.jpg\" alt=\"\" class=\"wp-image-2272\" srcset=\"https:\/\/ringier.rs\/wp-content\/uploads\/2024\/09\/obracanje-premijera-foto-Mitar-Mitrovic-11-1024x683.jpg 1024w, https:\/\/ringier.rs\/wp-content\/uploads\/2024\/09\/obracanje-premijera-foto-Mitar-Mitrovic-11-300x200.jpg 300w, https:\/\/ringier.rs\/wp-content\/uploads\/2024\/09\/obracanje-premijera-foto-Mitar-Mitrovic-11-768x512.jpg 768w, https:\/\/ringier.rs\/wp-content\/uploads\/2024\/09\/obracanje-premijera-foto-Mitar-Mitrovic-11-50x33.jpg 50w, https:\/\/ringier.rs\/wp-content\/uploads\/2024\/09\/obracanje-premijera-foto-Mitar-Mitrovic-11-1536x1024.jpg 1536w, https:\/\/ringier.rs\/wp-content\/uploads\/2024\/09\/obracanje-premijera-foto-Mitar-Mitrovic-11-273x182.jpg 273w, https:\/\/ringier.rs\/wp-content\/uploads\/2024\/09\/obracanje-premijera-foto-Mitar-Mitrovic-11-137x91.jpg 137w, https:\/\/ringier.rs\/wp-content\/uploads\/2024\/09\/obracanje-premijera-foto-Mitar-Mitrovic-11.jpg 1600w\" sizes=\"auto, (max-width: 1024px) 100vw, 1024px\" \/><\/figure>\n\n\n\n<p>In the first session, on the topic &#8220;Mining in Serbia: A Curse or a Blessing?&#8221;, the views were presented by Sara Pavkov, State Secretary at the Ministry of Environmental Protection; Prof. Dr. Aleksandar Cvjeti\u0107, full professor at the Faculty of Mining and Geology and an expert on environmental protection; and Vladislav Marinkovi\u0107, a hydrogeological engineer.<\/p>\n\n\n\n<figure class=\"wp-block-image\"><img loading=\"lazy\" decoding=\"async\" width=\"1024\" height=\"683\" src=\"https:\/\/ringier.rs\/wp-content\/uploads\/2024\/09\/Rudarstvo-u-Srbiji-zla-sreca-ili-dar-od-Boga-foto-Mitar-Mitrovic-7-1024x683.jpg\" alt=\"\" class=\"wp-image-2274\" srcset=\"https:\/\/ringier.rs\/wp-content\/uploads\/2024\/09\/Rudarstvo-u-Srbiji-zla-sreca-ili-dar-od-Boga-foto-Mitar-Mitrovic-7-1024x683.jpg 1024w, https:\/\/ringier.rs\/wp-content\/uploads\/2024\/09\/Rudarstvo-u-Srbiji-zla-sreca-ili-dar-od-Boga-foto-Mitar-Mitrovic-7-300x200.jpg 300w, https:\/\/ringier.rs\/wp-content\/uploads\/2024\/09\/Rudarstvo-u-Srbiji-zla-sreca-ili-dar-od-Boga-foto-Mitar-Mitrovic-7-768x512.jpg 768w, https:\/\/ringier.rs\/wp-content\/uploads\/2024\/09\/Rudarstvo-u-Srbiji-zla-sreca-ili-dar-od-Boga-foto-Mitar-Mitrovic-7-50x33.jpg 50w, https:\/\/ringier.rs\/wp-content\/uploads\/2024\/09\/Rudarstvo-u-Srbiji-zla-sreca-ili-dar-od-Boga-foto-Mitar-Mitrovic-7-1536x1024.jpg 1536w, https:\/\/ringier.rs\/wp-content\/uploads\/2024\/09\/Rudarstvo-u-Srbiji-zla-sreca-ili-dar-od-Boga-foto-Mitar-Mitrovic-7-273x182.jpg 273w, https:\/\/ringier.rs\/wp-content\/uploads\/2024\/09\/Rudarstvo-u-Srbiji-zla-sreca-ili-dar-od-Boga-foto-Mitar-Mitrovic-7-137x91.jpg 137w, https:\/\/ringier.rs\/wp-content\/uploads\/2024\/09\/Rudarstvo-u-Srbiji-zla-sreca-ili-dar-od-Boga-foto-Mitar-Mitrovic-7.jpg 1600w\" sizes=\"auto, (max-width: 1024px) 100vw, 1024px\" \/><\/figure>\n\n\n\n<p>In the second discussion, addressing the possibility of sustainable and responsible mining, participants included Ana Brnabi\u0107, President of the National Assembly of the Republic of Serbia; Michael Schmidt, Senior Geologist at the German Mineral Resources Agency (DERA); Florian Anderhuber, Director of Energy and Climate at the European Association of Mining Industries, Metals and Minerals (Euromines); and Prof. Dr. Michael Tost, Head of the Department of Mining Engineering and Mineral Economics at the University of Leoben, Austria.<\/p>\n\n\n\n<figure class=\"wp-block-image\"><img loading=\"lazy\" decoding=\"async\" width=\"1024\" height=\"683\" src=\"https:\/\/ringier.rs\/wp-content\/uploads\/2024\/09\/Da-li-je-moguce-odrzivo-i-odgovorno-rudarstvo-foto-Mitar-Mitrovic-4-1024x683.jpg\" alt=\"\" class=\"wp-image-2276\" srcset=\"https:\/\/ringier.rs\/wp-content\/uploads\/2024\/09\/Da-li-je-moguce-odrzivo-i-odgovorno-rudarstvo-foto-Mitar-Mitrovic-4-1024x683.jpg 1024w, https:\/\/ringier.rs\/wp-content\/uploads\/2024\/09\/Da-li-je-moguce-odrzivo-i-odgovorno-rudarstvo-foto-Mitar-Mitrovic-4-300x200.jpg 300w, https:\/\/ringier.rs\/wp-content\/uploads\/2024\/09\/Da-li-je-moguce-odrzivo-i-odgovorno-rudarstvo-foto-Mitar-Mitrovic-4-768x512.jpg 768w, https:\/\/ringier.rs\/wp-content\/uploads\/2024\/09\/Da-li-je-moguce-odrzivo-i-odgovorno-rudarstvo-foto-Mitar-Mitrovic-4-50x33.jpg 50w, https:\/\/ringier.rs\/wp-content\/uploads\/2024\/09\/Da-li-je-moguce-odrzivo-i-odgovorno-rudarstvo-foto-Mitar-Mitrovic-4-1536x1024.jpg 1536w, https:\/\/ringier.rs\/wp-content\/uploads\/2024\/09\/Da-li-je-moguce-odrzivo-i-odgovorno-rudarstvo-foto-Mitar-Mitrovic-4-273x182.jpg 273w, https:\/\/ringier.rs\/wp-content\/uploads\/2024\/09\/Da-li-je-moguce-odrzivo-i-odgovorno-rudarstvo-foto-Mitar-Mitrovic-4-137x91.jpg 137w, https:\/\/ringier.rs\/wp-content\/uploads\/2024\/09\/Da-li-je-moguce-odrzivo-i-odgovorno-rudarstvo-foto-Mitar-Mitrovic-4.jpg 1600w\" sizes=\"auto, (max-width: 1024px) 100vw, 1024px\" \/><\/figure>\n\n\n\n<p>The debate was broadcast on the &#8220;Blic TV&#8221; channel, with a live stream and blog available on the Blic.rs website <a href=\"https:\/\/www.blic.rs\/biznis\/privreda\/blic-tv-debata-zelena-tranzicija-u-srbiji-postavite-i-vi-pitanja-putem-sms\/pkmhl5t?utm_source=copy-link&amp;utm_medium=social&amp;utm_campaign=share-button\">\u00a0Blic.rs.<\/a><\/p>\n\n\n\n<p><\/p>\n","protected":false},"excerpt":{"rendered":"<p>The Blic TV debate titled &#8220;Green Transition&#8221; aired on Blic Television on September 18. During two one-and-a-half-hour discussions on the topics &#8220;Mining in Serbia: A Curse or a Blessing?&#8221; and &#8220;Is Sustainable and Responsible Mining Possible?&#8221;, representatives of the Serbian Government, along with foreign and domestic experts in the fields of mining, ecology, and geology, [&hellip;]<\/p>\n","protected":false},"author":4,"featured_media":2272,"comment_status":"open","ping_status":"open","sticky":false,"template":"","format":"standard","meta":{"inline_featured_image":false,"footnotes":""},"categories":[23,1],"tags":[],"class_list":["post-2283","post","type-post","status-publish","format-standard","has-post-thumbnail","hentry","category-uncategorized","category-uncategorized-sr"],"yoast_head":"<!-- This site is optimized with the Yoast SEO Premium plugin v23.1 (Yoast SEO v23.1) - https:\/\/yoast.com\/wordpress\/plugins\/seo\/ -->\n<title>BLIC TV DEBATE: Green Transition in Serbia - ringier.rs<\/title>\n<meta name=\"robots\" content=\"index, follow, max-snippet:-1, max-image-preview:large, max-video-preview:-1\" \/>\n<link rel=\"canonical\" href=\"https:\/\/ringier.rs\/en\/blic-tv-debate-green-transition-in-serbia\/\" \/>\n<meta property=\"og:locale\" content=\"en_US\" \/>\n<meta property=\"og:type\" content=\"article\" \/>\n<meta property=\"og:title\" content=\"BLIC TV DEBATE: Green Transition in Serbia\" \/>\n<meta property=\"og:description\" content=\"The Blic TV debate titled &#8220;Green Transition&#8221; aired on Blic Television on September 18. During two one-and-a-half-hour discussions on the topics &#8220;Mining in Serbia: A Curse or a Blessing?&#8221; and &#8220;Is Sustainable and Responsible Mining Possible?&#8221;, representatives of the Serbian Government, along with foreign and domestic experts in the fields of mining, ecology, and geology, [&hellip;]\" \/>\n<meta property=\"og:url\" content=\"https:\/\/ringier.rs\/en\/blic-tv-debate-green-transition-in-serbia\/\" \/>\n<meta property=\"og:site_name\" content=\"ringier.rs\" \/>\n<meta property=\"article:published_time\" content=\"2024-09-18T14:19:13+00:00\" \/>\n<meta property=\"article:modified_time\" content=\"2024-09-23T14:34:28+00:00\" \/>\n<meta property=\"og:image\" content=\"https:\/\/ringier.rs\/wp-content\/uploads\/2024\/09\/obracanje-premijera-foto-Mitar-Mitrovic-11.jpg\" \/>\n\t<meta property=\"og:image:width\" content=\"1600\" \/>\n\t<meta property=\"og:image:height\" content=\"1067\" \/>\n\t<meta property=\"og:image:type\" content=\"image\/jpeg\" \/>\n<meta name=\"author\" content=\"Beba Dragic\" \/>\n<meta name=\"twitter:card\" content=\"summary_large_image\" \/>\n<meta name=\"twitter:label1\" content=\"Written by\" \/>\n\t<meta name=\"twitter:data1\" content=\"Beba Dragic\" \/>\n\t<meta name=\"twitter:label2\" content=\"Est. reading time\" \/>\n\t<meta name=\"twitter:data2\" content=\"2 minutes\" \/>\n<script type=\"application\/ld+json\" class=\"yoast-schema-graph\">{\"@context\":\"https:\/\/schema.org\",\"@graph\":[{\"@type\":\"Article\",\"@id\":\"https:\/\/ringier.rs\/en\/blic-tv-debate-green-transition-in-serbia\/#article\",\"isPartOf\":{\"@id\":\"https:\/\/ringier.rs\/en\/blic-tv-debate-green-transition-in-serbia\/\"},\"author\":{\"name\":\"Beba Dragic\",\"@id\":\"https:\/\/ringier.rs\/en\/#\/schema\/person\/b5a84d2847ec4774ad002ef0292a7c89\"},\"headline\":\"BLIC TV DEBATE: Green Transition in Serbia\",\"datePublished\":\"2024-09-18T14:19:13+00:00\",\"dateModified\":\"2024-09-23T14:34:28+00:00\",\"mainEntityOfPage\":{\"@id\":\"https:\/\/ringier.rs\/en\/blic-tv-debate-green-transition-in-serbia\/\"},\"wordCount\":229,\"commentCount\":0,\"publisher\":{\"@id\":\"https:\/\/ringier.rs\/en\/#organization\"},\"image\":{\"@id\":\"https:\/\/ringier.rs\/en\/blic-tv-debate-green-transition-in-serbia\/#primaryimage\"},\"thumbnailUrl\":\"https:\/\/ringier.rs\/wp-content\/uploads\/2024\/09\/obracanje-premijera-foto-Mitar-Mitrovic-11.jpg\",\"articleSection\":{\"1\":\"Uncategorized @sr\"},\"inLanguage\":\"en-US\",\"potentialAction\":[{\"@type\":\"CommentAction\",\"name\":\"Comment\",\"target\":[\"https:\/\/ringier.rs\/en\/blic-tv-debate-green-transition-in-serbia\/#respond\"]}]},{\"@type\":\"WebPage\",\"@id\":\"https:\/\/ringier.rs\/en\/blic-tv-debate-green-transition-in-serbia\/\",\"url\":\"https:\/\/ringier.rs\/en\/blic-tv-debate-green-transition-in-serbia\/\",\"name\":\"BLIC TV DEBATE: Green Transition in Serbia - ringier.rs\",\"isPartOf\":{\"@id\":\"https:\/\/ringier.rs\/en\/#website\"},\"primaryImageOfPage\":{\"@id\":\"https:\/\/ringier.rs\/en\/blic-tv-debate-green-transition-in-serbia\/#primaryimage\"},\"image\":{\"@id\":\"https:\/\/ringier.rs\/en\/blic-tv-debate-green-transition-in-serbia\/#primaryimage\"},\"thumbnailUrl\":\"https:\/\/ringier.rs\/wp-content\/uploads\/2024\/09\/obracanje-premijera-foto-Mitar-Mitrovic-11.jpg\",\"datePublished\":\"2024-09-18T14:19:13+00:00\",\"dateModified\":\"2024-09-23T14:34:28+00:00\",\"breadcrumb\":{\"@id\":\"https:\/\/ringier.rs\/en\/blic-tv-debate-green-transition-in-serbia\/#breadcrumb\"},\"inLanguage\":\"en-US\",\"potentialAction\":[{\"@type\":\"ReadAction\",\"target\":[\"https:\/\/ringier.rs\/en\/blic-tv-debate-green-transition-in-serbia\/\"]}]},{\"@type\":\"ImageObject\",\"inLanguage\":\"en-US\",\"@id\":\"https:\/\/ringier.rs\/en\/blic-tv-debate-green-transition-in-serbia\/#primaryimage\",\"url\":\"https:\/\/ringier.rs\/wp-content\/uploads\/2024\/09\/obracanje-premijera-foto-Mitar-Mitrovic-11.jpg\",\"contentUrl\":\"https:\/\/ringier.rs\/wp-content\/uploads\/2024\/09\/obracanje-premijera-foto-Mitar-Mitrovic-11.jpg\",\"width\":1600,\"height\":1067},{\"@type\":\"BreadcrumbList\",\"@id\":\"https:\/\/ringier.rs\/en\/blic-tv-debate-green-transition-in-serbia\/#breadcrumb\",\"itemListElement\":[{\"@type\":\"ListItem\",\"position\":1,\"name\":\"Home\",\"item\":\"https:\/\/ringier.rs\/en\/\"},{\"@type\":\"ListItem\",\"position\":2,\"name\":\"BLIC TV DEBATE: Green Transition in Serbia\"}]},{\"@type\":\"WebSite\",\"@id\":\"https:\/\/ringier.rs\/en\/#website\",\"url\":\"https:\/\/ringier.rs\/en\/\",\"name\":\"ringier.rs\",\"description\":\"\",\"publisher\":{\"@id\":\"https:\/\/ringier.rs\/en\/#organization\"},\"potentialAction\":[{\"@type\":\"SearchAction\",\"target\":{\"@type\":\"EntryPoint\",\"urlTemplate\":\"https:\/\/ringier.rs\/en\/?s={search_term_string}\"},\"query-input\":\"required name=search_term_string\"}],\"inLanguage\":\"en-US\"},{\"@type\":\"Organization\",\"@id\":\"https:\/\/ringier.rs\/en\/#organization\",\"name\":\"Ringier\",\"url\":\"https:\/\/ringier.rs\/en\/\",\"logo\":{\"@type\":\"ImageObject\",\"inLanguage\":\"en-US\",\"@id\":\"https:\/\/ringier.rs\/en\/#\/schema\/logo\/image\/\",\"url\":\"https:\/\/ringier.rs\/wp-content\/uploads\/2024\/07\/ringier-logo.svg\",\"contentUrl\":\"https:\/\/ringier.rs\/wp-content\/uploads\/2024\/07\/ringier-logo.svg\",\"width\":637,\"height\":130,\"caption\":\"Ringier\"},\"image\":{\"@id\":\"https:\/\/ringier.rs\/en\/#\/schema\/logo\/image\/\"}},{\"@type\":\"Person\",\"@id\":\"https:\/\/ringier.rs\/en\/#\/schema\/person\/b5a84d2847ec4774ad002ef0292a7c89\",\"name\":\"Beba Dragic\",\"image\":{\"@type\":\"ImageObject\",\"inLanguage\":\"en-US\",\"@id\":\"https:\/\/ringier.rs\/en\/#\/schema\/person\/image\/\",\"url\":\"https:\/\/secure.gravatar.com\/avatar\/afb930944a97fac5477d6750f155cae2e1530d8179c52ff5e40e48ae86d2c6f6?s=96&d=mm&r=g\",\"contentUrl\":\"https:\/\/secure.gravatar.com\/avatar\/afb930944a97fac5477d6750f155cae2e1530d8179c52ff5e40e48ae86d2c6f6?s=96&d=mm&r=g\",\"caption\":\"Beba Dragic\"},\"url\":\"https:\/\/ringier.rs\/en\/author\/beba-dragic\/\"}]}<\/script>\n<!-- \/ Yoast SEO Premium plugin. -->","yoast_head_json":{"title":"BLIC TV DEBATE: Green Transition in Serbia - ringier.rs","robots":{"index":"index","follow":"follow","max-snippet":"max-snippet:-1","max-image-preview":"max-image-preview:large","max-video-preview":"max-video-preview:-1"},"canonical":"https:\/\/ringier.rs\/en\/blic-tv-debate-green-transition-in-serbia\/","og_locale":"en_US","og_type":"article","og_title":"BLIC TV DEBATE: Green Transition in Serbia","og_description":"The Blic TV debate titled &#8220;Green Transition&#8221; aired on Blic Television on September 18. During two one-and-a-half-hour discussions on the topics &#8220;Mining in Serbia: A Curse or a Blessing?&#8221; and &#8220;Is Sustainable and Responsible Mining Possible?&#8221;, representatives of the Serbian Government, along with foreign and domestic experts in the fields of mining, ecology, and geology, [&hellip;]","og_url":"https:\/\/ringier.rs\/en\/blic-tv-debate-green-transition-in-serbia\/","og_site_name":"ringier.rs","article_published_time":"2024-09-18T14:19:13+00:00","article_modified_time":"2024-09-23T14:34:28+00:00","og_image":[{"width":1600,"height":1067,"url":"https:\/\/ringier.rs\/wp-content\/uploads\/2024\/09\/obracanje-premijera-foto-Mitar-Mitrovic-11.jpg","type":"image\/jpeg"}],"author":"Beba Dragic","twitter_card":"summary_large_image","twitter_misc":{"Written by":"Beba Dragic","Est. reading time":"2 minutes"},"schema":{"@context":"https:\/\/schema.org","@graph":[{"@type":"Article","@id":"https:\/\/ringier.rs\/en\/blic-tv-debate-green-transition-in-serbia\/#article","isPartOf":{"@id":"https:\/\/ringier.rs\/en\/blic-tv-debate-green-transition-in-serbia\/"},"author":{"name":"Beba Dragic","@id":"https:\/\/ringier.rs\/en\/#\/schema\/person\/b5a84d2847ec4774ad002ef0292a7c89"},"headline":"BLIC TV DEBATE: Green Transition in Serbia","datePublished":"2024-09-18T14:19:13+00:00","dateModified":"2024-09-23T14:34:28+00:00","mainEntityOfPage":{"@id":"https:\/\/ringier.rs\/en\/blic-tv-debate-green-transition-in-serbia\/"},"wordCount":229,"commentCount":0,"publisher":{"@id":"https:\/\/ringier.rs\/en\/#organization"},"image":{"@id":"https:\/\/ringier.rs\/en\/blic-tv-debate-green-transition-in-serbia\/#primaryimage"},"thumbnailUrl":"https:\/\/ringier.rs\/wp-content\/uploads\/2024\/09\/obracanje-premijera-foto-Mitar-Mitrovic-11.jpg","articleSection":{"1":"Uncategorized @sr"},"inLanguage":"en-US","potentialAction":[{"@type":"CommentAction","name":"Comment","target":["https:\/\/ringier.rs\/en\/blic-tv-debate-green-transition-in-serbia\/#respond"]}]},{"@type":"WebPage","@id":"https:\/\/ringier.rs\/en\/blic-tv-debate-green-transition-in-serbia\/","url":"https:\/\/ringier.rs\/en\/blic-tv-debate-green-transition-in-serbia\/","name":"BLIC TV DEBATE: Green Transition in Serbia - ringier.rs","isPartOf":{"@id":"https:\/\/ringier.rs\/en\/#website"},"primaryImageOfPage":{"@id":"https:\/\/ringier.rs\/en\/blic-tv-debate-green-transition-in-serbia\/#primaryimage"},"image":{"@id":"https:\/\/ringier.rs\/en\/blic-tv-debate-green-transition-in-serbia\/#primaryimage"},"thumbnailUrl":"https:\/\/ringier.rs\/wp-content\/uploads\/2024\/09\/obracanje-premijera-foto-Mitar-Mitrovic-11.jpg","datePublished":"2024-09-18T14:19:13+00:00","dateModified":"2024-09-23T14:34:28+00:00","breadcrumb":{"@id":"https:\/\/ringier.rs\/en\/blic-tv-debate-green-transition-in-serbia\/#breadcrumb"},"inLanguage":"en-US","potentialAction":[{"@type":"ReadAction","target":["https:\/\/ringier.rs\/en\/blic-tv-debate-green-transition-in-serbia\/"]}]},{"@type":"ImageObject","inLanguage":"en-US","@id":"https:\/\/ringier.rs\/en\/blic-tv-debate-green-transition-in-serbia\/#primaryimage","url":"https:\/\/ringier.rs\/wp-content\/uploads\/2024\/09\/obracanje-premijera-foto-Mitar-Mitrovic-11.jpg","contentUrl":"https:\/\/ringier.rs\/wp-content\/uploads\/2024\/09\/obracanje-premijera-foto-Mitar-Mitrovic-11.jpg","width":1600,"height":1067},{"@type":"BreadcrumbList","@id":"https:\/\/ringier.rs\/en\/blic-tv-debate-green-transition-in-serbia\/#breadcrumb","itemListElement":[{"@type":"ListItem","position":1,"name":"Home","item":"https:\/\/ringier.rs\/en\/"},{"@type":"ListItem","position":2,"name":"BLIC TV DEBATE: Green Transition in Serbia"}]},{"@type":"WebSite","@id":"https:\/\/ringier.rs\/en\/#website","url":"https:\/\/ringier.rs\/en\/","name":"ringier.rs","description":"","publisher":{"@id":"https:\/\/ringier.rs\/en\/#organization"},"potentialAction":[{"@type":"SearchAction","target":{"@type":"EntryPoint","urlTemplate":"https:\/\/ringier.rs\/en\/?s={search_term_string}"},"query-input":"required name=search_term_string"}],"inLanguage":"en-US"},{"@type":"Organization","@id":"https:\/\/ringier.rs\/en\/#organization","name":"Ringier","url":"https:\/\/ringier.rs\/en\/","logo":{"@type":"ImageObject","inLanguage":"en-US","@id":"https:\/\/ringier.rs\/en\/#\/schema\/logo\/image\/","url":"https:\/\/ringier.rs\/wp-content\/uploads\/2024\/07\/ringier-logo.svg","contentUrl":"https:\/\/ringier.rs\/wp-content\/uploads\/2024\/07\/ringier-logo.svg","width":637,"height":130,"caption":"Ringier"},"image":{"@id":"https:\/\/ringier.rs\/en\/#\/schema\/logo\/image\/"}},{"@type":"Person","@id":"https:\/\/ringier.rs\/en\/#\/schema\/person\/b5a84d2847ec4774ad002ef0292a7c89","name":"Beba Dragic","image":{"@type":"ImageObject","inLanguage":"en-US","@id":"https:\/\/ringier.rs\/en\/#\/schema\/person\/image\/","url":"https:\/\/secure.gravatar.com\/avatar\/afb930944a97fac5477d6750f155cae2e1530d8179c52ff5e40e48ae86d2c6f6?s=96&d=mm&r=g","contentUrl":"https:\/\/secure.gravatar.com\/avatar\/afb930944a97fac5477d6750f155cae2e1530d8179c52ff5e40e48ae86d2c6f6?s=96&d=mm&r=g","caption":"Beba Dragic"},"url":"https:\/\/ringier.rs\/en\/author\/beba-dragic\/"}]}},"_links":{"self":[{"href":"https:\/\/ringier.rs\/en\/wp-json\/wp\/v2\/posts\/2283","targetHints":{"allow":["GET"]}}],"collection":[{"href":"https:\/\/ringier.rs\/en\/wp-json\/wp\/v2\/posts"}],"about":[{"href":"https:\/\/ringier.rs\/en\/wp-json\/wp\/v2\/types\/post"}],"author":[{"embeddable":true,"href":"https:\/\/ringier.rs\/en\/wp-json\/wp\/v2\/users\/4"}],"replies":[{"embeddable":true,"href":"https:\/\/ringier.rs\/en\/wp-json\/wp\/v2\/comments?post=2283"}],"version-history":[{"count":2,"href":"https:\/\/ringier.rs\/en\/wp-json\/wp\/v2\/posts\/2283\/revisions"}],"predecessor-version":[{"id":2286,"href":"https:\/\/ringier.rs\/en\/wp-json\/wp\/v2\/posts\/2283\/revisions\/2286"}],"wp:featuredmedia":[{"embeddable":true,"href":"https:\/\/ringier.rs\/en\/wp-json\/wp\/v2\/media\/2272"}],"wp:attachment":[{"href":"https:\/\/ringier.rs\/en\/wp-json\/wp\/v2\/media?parent=2283"}],"wp:term":[{"taxonomy":"category","embeddable":true,"href":"https:\/\/ringier.rs\/en\/wp-json\/wp\/v2\/categories?post=2283"},{"taxonomy":"post_tag","embeddable":true,"href":"https:\/\/ringier.rs\/en\/wp-json\/wp\/v2\/tags?post=2283"}],"curies":[{"name":"wp","href":"https:\/\/api.w.org\/{rel}","templated":true}]}}